{"id":1622,"date":"2022-07-28T01:35:35","date_gmt":"2022-07-28T01:35:35","guid":{"rendered":"https:\/\/misscameroun.org\/?p=1622"},"modified":"2022-07-28T01:35:35","modified_gmt":"2022-07-28T01:35:35","slug":"miss-cameroun-2022-julie-samantha-edima-sacree","status":"publish","type":"post","link":"https:\/\/misscameroun.org\/index.php\/2022\/07\/28\/miss-cameroun-2022-julie-samantha-edima-sacree\/","title":{"rendered":"Miss Cameroun 2022: Julie Samantha Edima sacr\u00e9e"},"content":{"rendered":"<p><strong>L\u2019actrice de 26 ans a remport\u00e9 l\u2019\u00e9charpe et la couronne de l\u2019ancienne reine de beaut\u00e9 Audrey Nabila Monkam dans la nuit de vendredi \u00e0 samedi dernier au Palais des Sports de Yaound\u00e9.<\/strong><\/p>\n<p><img loading=\"lazy\" decoding=\"async\" class=\"alignnone size-large wp-image-1217\" src=\"https:\/\/misscameroun.org\/wp-content\/uploads\/2022\/07\/2022-07-19-00.06.59-1024x683.jpg\" alt=\"\" width=\"640\" height=\"427\" srcset=\"https:\/\/misscameroun.org\/wp-content\/uploads\/2022\/07\/2022-07-19-00.06.59-1024x683.jpg 1024w, https:\/\/misscameroun.org\/wp-content\/uploads\/2022\/07\/2022-07-19-00.06.59-300x200.jpg 300w, https:\/\/misscameroun.org\/wp-content\/uploads\/2022\/07\/2022-07-19-00.06.59-768x512.jpg 768w, https:\/\/misscameroun.org\/wp-content\/uploads\/2022\/07\/2022-07-19-00.06.59.jpg 1080w\" sizes=\"auto, (max-width: 640px) 100vw, 640px\" \/><\/p>\n<p>Eclatante de beaut\u00e9 dans sa tenue aux couleurs du drapeau du Cameroun,\u00a0<strong>Julie Samantha Edima,\u00a0<\/strong>par\u00e9e de son diad\u00e8me et son \u00e9charpe de\u00a0<strong>Miss Cameroun 2022\u00a0<\/strong>peine \u00e0 cacher son \u00e9motion. \u00ab\u00a0C\u2019est un r\u00eave qui se r\u00e9alise. Quand je vois le fruit de mes efforts, je ne peux qu\u2019\u00eatre fi\u00e8re\u00a0\u00bb, lance-t-elle la voix enrou\u00e9e. C\u2019est aux environs de 2h45 dans la nuit de vendredi \u00e0 samedi que le verdict est tomb\u00e9.\u00a0<strong>La Miss Sud<\/strong>\u00a0a triomph\u00e9 face \u00e0 sa premi\u00e8re dauphine de la m\u00eame r\u00e9gion,\u00a0<strong>Sonia Etaba\u00a0<\/strong>\u00e0 l\u2019issue d\u2019une c\u00e9r\u00e9monie strass et paillette qui s\u2019est d\u00e9roul\u00e9e au\u00a0<strong>Palais des Sports de Yaound\u00e9<\/strong>.<\/p>\n<p>Julia Samantha Edima Assoumou, 26 ans, est actrice et titulaire d\u2019un Master I en Communication d\u2019entreprise et Miss Sud 2022. \u00a0Sa 2e dauphine est Noella Prandy, premi\u00e8re dauphine Nord-Ouest. L\u2019\u00e9charpe de la 3e dauphine est revenue \u00e0\u00a0<strong>Miss Nord-Ouest Marion Fon Achu. Marthe Sondi,\u00a0<\/strong>Miss Est, est la 4e dauphine. Tandis que la premi\u00e8re dauphine Sud-Ouest Noella Atem a \u00e9t\u00e9 d\u00e9sign\u00e9e 5e dauphine.<\/p>\n<p><img loading=\"lazy\" decoding=\"async\" class=\"alignnone size-large wp-image-1209\" src=\"https:\/\/misscameroun.org\/wp-content\/uploads\/2022\/07\/2022-07-19-00.05.22-683x1024.jpg\" alt=\"\" width=\"640\" height=\"960\" srcset=\"https:\/\/misscameroun.org\/wp-content\/uploads\/2022\/07\/2022-07-19-00.05.22-683x1024.jpg 683w, https:\/\/misscameroun.org\/wp-content\/uploads\/2022\/07\/2022-07-19-00.05.22-200x300.jpg 200w, https:\/\/misscameroun.org\/wp-content\/uploads\/2022\/07\/2022-07-19-00.05.22.jpg 720w\" sizes=\"auto, (max-width: 640px) 100vw, 640px\" \/><\/p>\n<p>Face \u00e0 la presse apr\u00e8s son sacre, la nouvelle ambassadrice de la beaut\u00e9 camerounaise a d\u00e9voil\u00e9 son activit\u00e9 sociale. Celle-ci\u00a0portera sur\u00a0la beaut\u00e9 au service de la sant\u00e9. \u00ab\u00a0Mon projet social s\u2019articule autour de la sant\u00e9 mentale. Je suis partie d\u2019un constat que beaucoup de personnes ne prennent pas \u00e0 c\u0153ur l\u2019aspect mental de la sant\u00e9 et c\u2019est tr\u00e8s important. Il y a autour de moi des personnes qui souffrent de schizophr\u00e9nie, de d\u00e9pression et autres troubles mentaux. Il est temps de mettre la sant\u00e9 mentale au m\u00eame pied d\u2019\u00e9galit\u00e9 que la sant\u00e9 physique\u00a0\u00bb, a indiqu\u00e9 Julie Samantha Edima.<\/p>\n<p>Une belle liste de cadeaux qui font r\u00eaver a \u00e9t\u00e9 d\u00e9voil\u00e9e par Solange Ingrid Amougou.<\/p>\n<p><strong><em>Cameroun-tribune<\/em><\/strong>.cm<\/p>\n","protected":false},"excerpt":{"rendered":"<p>L\u2019actrice de 26 ans a remport\u00e9 l\u2019\u00e9charpe et la couronne de l\u2019ancienne reine de beaut\u00e9 Audrey Nabila Monkam dans la nuit de vendredi \u00e0 samedi&hellip;<\/p>\n","protected":false},"author":1,"featured_media":1215,"comment_status":"open","ping_status":"open","sticky":false,"template":"","format":"standard","meta":{"footnotes":""},"categories":[16],"tags":[],"class_list":["post-1622","post","type-post","status-publish","format-standard","has-post-thumbnail","hentry","category-actualites"],"_links":{"self":[{"href":"https:\/\/misscameroun.org\/index.php\/wp-json\/wp\/v2\/posts\/1622","targetHints":{"allow":["GET"]}}],"collection":[{"href":"https:\/\/misscameroun.org\/index.php\/wp-json\/wp\/v2\/posts"}],"about":[{"href":"https:\/\/misscameroun.org\/index.php\/wp-json\/wp\/v2\/types\/post"}],"author":[{"embeddable":true,"href":"https:\/\/misscameroun.org\/index.php\/wp-json\/wp\/v2\/users\/1"}],"replies":[{"embeddable":true,"href":"https:\/\/misscameroun.org\/index.php\/wp-json\/wp\/v2\/comments?post=1622"}],"version-history":[{"count":1,"href":"https:\/\/misscameroun.org\/index.php\/wp-json\/wp\/v2\/posts\/1622\/revisions"}],"predecessor-version":[{"id":1623,"href":"https:\/\/misscameroun.org\/index.php\/wp-json\/wp\/v2\/posts\/1622\/revisions\/1623"}],"wp:featuredmedia":[{"embeddable":true,"href":"https:\/\/misscameroun.org\/index.php\/wp-json\/wp\/v2\/media\/1215"}],"wp:attachment":[{"href":"https:\/\/misscameroun.org\/index.php\/wp-json\/wp\/v2\/media?parent=1622"}],"wp:term":[{"taxonomy":"category","embeddable":true,"href":"https:\/\/misscameroun.org\/index.php\/wp-json\/wp\/v2\/categories?post=1622"},{"taxonomy":"post_tag","embeddable":true,"href":"https:\/\/misscameroun.org\/index.php\/wp-json\/wp\/v2\/tags?post=1622"}],"curies":[{"name":"wp","href":"https:\/\/api.w.org\/{rel}","templated":true}]}}