{"id":2396,"date":"2026-09-03T11:46:23","date_gmt":"2026-09-03T11:46:23","guid":{"rendered":"https:\/\/misscameroun.org\/?p=2396"},"modified":"2026-09-03T11:46:23","modified_gmt":"2026-09-03T11:46:23","slug":"audrey-moutongo-black-lincroyable-destin-dune-fermiere-devenue-miss-cameroun","status":"publish","type":"post","link":"https:\/\/misscameroun.org\/index.php\/2026\/09\/03\/audrey-moutongo-black-lincroyable-destin-dune-fermiere-devenue-miss-cameroun\/","title":{"rendered":"Audrey Moutongo Black : l\u2019incroyable destin d\u2019une fermi\u00e8re devenue Miss Cameroun"},"content":{"rendered":"<p class=\"p1\" style=\"text-align: left;\">Il y a des parcours que l\u2019on \u00e9crit \u00e0 l\u2019avance. Et puis il y a ceux que la vie parfois, r\u00e9\u00e9crit en cours de route. Celui <strong>d\u2019Audrey Moutongo Black<\/strong> appartient r\u00e9solument \u00e0 la seconde cat\u00e9gorie. Mannequin, entrepreneure, femme profond\u00e9ment attach\u00e9e \u00e0 ses racines Sawa, elle est devenue Miss Cameroun 2025 dans des circonstances qu\u2019elle n\u2019avait m\u00eame pas imagin\u00e9es. Quelques mois plus tard, elle s\u2019appr\u00eate \u00e0 repr\u00e9senter le Cameroun \u00e0 Miss Universe 2026 \u00e0 Porto Rico. \u00c0 l\u2019heure o\u00f9 une nouvelle reine s\u2019appr\u00eate \u00e0 recevoir la couronne nationale, Audrey Moutongo Black revient sur ce parcours singulier et sur ce qu\u2019elle souhaite en laisser.<\/p>\n<p class=\"p1\"><b>Avant la couronne, qui est Audrey Moutongo Black ?<\/b><\/p>\n<p><img loading=\"lazy\" decoding=\"async\" class=\"alignright wp-image-2405 size-medium\" src=\"https:\/\/misscameroun.org\/wp-content\/uploads\/2026\/09\/IMG_3332-240x300.jpg\" alt=\"\" width=\"240\" height=\"300\" srcset=\"https:\/\/misscameroun.org\/wp-content\/uploads\/2026\/09\/IMG_3332-240x300.jpg 240w, https:\/\/misscameroun.org\/wp-content\/uploads\/2026\/09\/IMG_3332-819x1024.jpg 819w, https:\/\/misscameroun.org\/wp-content\/uploads\/2026\/09\/IMG_3332-768x960.jpg 768w, https:\/\/misscameroun.org\/wp-content\/uploads\/2026\/09\/IMG_3332-1229x1536.jpg 1229w, https:\/\/misscameroun.org\/wp-content\/uploads\/2026\/09\/IMG_3332.jpg 1440w\" sizes=\"auto, (max-width: 240px) 100vw, 240px\" \/><\/p>\n<p class=\"p1\">\u00c2g\u00e9e de 30 ans et fille unique \u00e0 ses deux parents, Audrey<\/p>\n<p class=\"p1\">Moutongo Black est avant tout une femme de parcours, de convictions et de projets. Originaire de la r\u00e9gion du Littoral et profond\u00e9ment attach\u00e9e \u00e0 ses racines, elle a toujours cherch\u00e9 \u00e0 faire coexister ses diff\u00e9rentes aspirations. Son parcours scolaire l\u2019a conduite du Cameroun \u00e0 la France, puis en Allemagne, avant des \u00e9tudes sup\u00e9rieures en management \u00e0 Paris. En parall\u00e8le, la mode et le mannequinat lui ont permis d\u2019\u00e9voluer dans diff\u00e9rents univers professionnels, notamment au FIMA, au Maroc et au Niger.<\/p>\n<p class=\"p1\">En 2022, elle a choisi d\u2019explorer un tout autre domaine avec la cr\u00e9ation son entreprise \u00ab Akwa<\/p>\n<p class=\"p1\">Poulet \u00bb structure d\u2019\u00e9levage et de commercialisation de poulets de chaire dans la ville de Douala. L\u2019aviculture lui aura appris la rigueur, la patience et la valeur du travail quotidien. Ces exp\u00e9riences peuvent sembler \u00e9loign\u00e9es les unes des autres pourtant, elles racontent la m\u00eame volont\u00e9 : apprendre, entreprendre et construire son propre chemin.<\/p>\n<p class=\"p1\"><b>Pourquoi Miss Cameroun ?<\/b><\/p>\n<p><img loading=\"lazy\" decoding=\"async\" class=\"aligncenter wp-image-2404 size-medium\" src=\"https:\/\/misscameroun.org\/wp-content\/uploads\/2026\/09\/IMG_3335-240x300.jpg\" alt=\"\" width=\"240\" height=\"300\" srcset=\"https:\/\/misscameroun.org\/wp-content\/uploads\/2026\/09\/IMG_3335-240x300.jpg 240w, https:\/\/misscameroun.org\/wp-content\/uploads\/2026\/09\/IMG_3335-819x1024.jpg 819w, https:\/\/misscameroun.org\/wp-content\/uploads\/2026\/09\/IMG_3335-768x960.jpg 768w, https:\/\/misscameroun.org\/wp-content\/uploads\/2026\/09\/IMG_3335-1229x1536.jpg 1229w, https:\/\/misscameroun.org\/wp-content\/uploads\/2026\/09\/IMG_3335.jpg 1638w\" sizes=\"auto, (max-width: 240px) 100vw, 240px\" \/><\/p>\n<p class=\"p1\">De nature aventureuse, en venant s\u2019inscrire aux r\u00e9gionales pour d\u00e9crocher son pass pour la comp\u00e9tition nationale, Audrey souhaitait avant tout donner un sens nouveau \u00e0 la visibilit\u00e9 que la mode lui avait d\u00e9j\u00e0 offerte.<b> <\/b>Elle ne s\u2019est jamais pr\u00e9sent\u00e9e \u00e0 Miss Cameroun comme \u00e0 une simple comp\u00e9tition esth\u00e9tique. Elle souhaitait transformer l\u2019image en v\u00e9ritable moyen d\u2019expression, porter des valeurs et mettre sa visibilit\u00e9 au service de causes qui lui tiennent \u00e0 c\u0153ur notamment le bien-\u00eatre des femmes et l\u2019entrepreuneriat jeune.<b> <\/b>La couronne Nationale repr\u00e9sentait donc moins un aboutissement qu\u2019une tribune : une possibilit\u00e9 de passer de la repr\u00e9sentation par l\u2019image \u00e0 une repr\u00e9sentation porteuse de sens.<\/p>\n<p><img loading=\"lazy\" decoding=\"async\" class=\"alignleft wp-image-2400 size-medium\" src=\"https:\/\/misscameroun.org\/wp-content\/uploads\/2026\/09\/IMG_3359-200x300.jpg\" alt=\"\" width=\"200\" height=\"300\" srcset=\"https:\/\/misscameroun.org\/wp-content\/uploads\/2026\/09\/IMG_3359-200x300.jpg 200w, https:\/\/misscameroun.org\/wp-content\/uploads\/2026\/09\/IMG_3359-683x1024.jpg 683w, https:\/\/misscameroun.org\/wp-content\/uploads\/2026\/09\/IMG_3359-768x1151.jpg 768w, https:\/\/misscameroun.org\/wp-content\/uploads\/2026\/09\/IMG_3359-1025x1536.jpg 1025w, https:\/\/misscameroun.org\/wp-content\/uploads\/2026\/09\/IMG_3359.jpg 1366w\" sizes=\"auto, (max-width: 200px) 100vw, 200px\" \/><\/p>\n<p class=\"p1\"><b>Le 12 juillet 2025, vous devenez Premi\u00e8re Dauphine.<\/b><\/p>\n<p class=\"p1\"><b>Quelques mois plus tard, vous \u00eates appel\u00e9e \u00e0 assurer la<\/b><\/p>\n<p class=\"p1\"><b>fonction de Miss Cameroun 2025. Que s\u2019est-il pass\u00e9 pour vous<\/b><\/p>\n<p class=\"p1\"><b>entre ces deux moments ?<\/b><\/p>\n<p class=\"p1\">Le 12 juillet 2025, Audrey \u00e9tait d\u00e9j\u00e0 tr\u00e8s fi\u00e8re d\u2019\u00eatre Premi\u00e8re Dauphine. Elle n\u2019y voyait pas une d\u00e9faite, mais la reconnaissance d\u2019un parcours et une responsabilit\u00e9 nouvelle. L\u2019occasion \u00e0 travers cette distinction et les plateformes de Miss Cameroun de porter plus haut ses combats.<\/p>\n<p class=\"p1\">Puis, le 25 f\u00e9vrier 2026, lorsqu\u2019elle a appris qu\u2019elle \u00e9tait appel\u00e9e \u00e0 assurer la fonction de Miss Cameroun 2025, la premi\u00e8re \u00e9motion a \u00e9t\u00e9 la surprise. Tr\u00e8s vite cependant, elle a laiss\u00e9 place \u00e0 la conscience du devoir puisqu\u2019en tant que Premi\u00e8re dauphine, elle savait qu\u2019elle faisait partie du petit cercle de jeunes dames qui pourraient \u00e9ventuellement \u00eatre appel\u00e9es \u00e0 assurer la continuit\u00e9 si jamais la Miss ne pouvait plus assumer ses fonctions. Elle n\u2019avait pas imagin\u00e9 recevoir la couronne de cette mani\u00e8re. Mais une fois qu\u2019elle lui a \u00e9t\u00e9 confi\u00e9e, elle tout simplement saisie ses responsabilit\u00e9s et a assur\u00e9 l\u2019int\u00e9rim. Elle a donc choisi d\u2019accueillir cette responsabilit\u00e9 avec humilit\u00e9, lucidit\u00e9 et d\u00e9termination tout en ayant conscience des nombreux challenges et difficult\u00e9s li\u00e9s \u00e0 la lourdeur de la Couronne.<\/p>\n<p class=\"p1\"><b>\u00a0<\/b><\/p>\n<p><img loading=\"lazy\" decoding=\"async\" class=\"aligncenter wp-image-2398 size-medium\" src=\"https:\/\/misscameroun.org\/wp-content\/uploads\/2026\/09\/IMG_3357-225x300.jpg\" alt=\"\" width=\"225\" height=\"300\" \/><\/p>\n<p class=\"p1\" style=\"text-align: center;\"><b>Avec un mandat particuli\u00e8rement court, quelle trace souhaitez-vous laisser ?<\/b><\/p>\n<p class=\"p1\">La nouvelle Miss Cameroun 2025 souhaite que son mandat soit associ\u00e9 \u00e0 l\u2019utilit\u00e9 plut\u00f4t qu\u2019\u00e0 la dur\u00e9e. Le temps est certes compt\u00e9, mais il peut \u00eatre f\u00e9cond. Elle pr\u00e9f\u00e8re quelques actions concr\u00e8tes \u00e0 une succession de promesses.<\/p>\n<p class=\"p1\">L\u2019autonomisation des femmes et des jeunes filles occupe notamment une place importante dans son engagement. \u00c0 travers son projet <b>\u00ab Femmes d\u2019Impact \u00bb<\/b>,<\/p>\n<p class=\"p1\">Elle souhaite encourager la formation, l\u2019entrepreneuriat, le leadership et la confiance en soi. Son exp\u00e9rience avec \u00ab <b>Akwa Poulet<\/b> \u00bb lui a montr\u00e9 qu\u2019une id\u00e9e peut devenir une source d\u2019ind\u00e9pendance lorsqu\u2019on accepte de la travailler avec constance. C\u2019est cette culture de l\u2019initiative qu\u2019elle aimerait transmettre.<\/p>\n<p><img loading=\"lazy\" decoding=\"async\" class=\"aligncenter wp-image-2402 size-medium\" src=\"https:\/\/misscameroun.org\/wp-content\/uploads\/2026\/09\/IMG_3336-200x300.jpg\" alt=\"\" width=\"200\" height=\"300\" srcset=\"https:\/\/misscameroun.org\/wp-content\/uploads\/2026\/09\/IMG_3336-200x300.jpg 200w, https:\/\/misscameroun.org\/wp-content\/uploads\/2026\/09\/IMG_3336-683x1024.jpg 683w, https:\/\/misscameroun.org\/wp-content\/uploads\/2026\/09\/IMG_3336-768x1151.jpg 768w, https:\/\/misscameroun.org\/wp-content\/uploads\/2026\/09\/IMG_3336-1025x1536.jpg 1025w, https:\/\/misscameroun.org\/wp-content\/uploads\/2026\/09\/IMG_3336.jpg 1366w\" sizes=\"auto, (max-width: 200px) 100vw, 200px\" \/><\/p>\n<p class=\"p1\" style=\"text-align: center;\"><b>\u00a0<\/b><\/p>\n<p class=\"p1\" style=\"text-align: center;\"><b>Vous allez d\u00e9sormais repr\u00e9senter le Cameroun sur la sc\u00e8ne de Miss Univers.<\/b><\/p>\n<p class=\"p1\" style=\"text-align: center;\"><b>Comment abordez-vous cette nouvelle responsabilit\u00e9 ?<\/b><\/p>\n<p><img loading=\"lazy\" decoding=\"async\" class=\"alignleft wp-image-2401 size-medium\" src=\"https:\/\/misscameroun.org\/wp-content\/uploads\/2026\/09\/IMG_3355-225x300.jpg\" alt=\"\" width=\"225\" height=\"300\" srcset=\"https:\/\/misscameroun.org\/wp-content\/uploads\/2026\/09\/IMG_3355-225x300.jpg 225w, https:\/\/misscameroun.org\/wp-content\/uploads\/2026\/09\/IMG_3355-768x1024.jpg 768w, https:\/\/misscameroun.org\/wp-content\/uploads\/2026\/09\/IMG_3355-1152x1536.jpg 1152w, https:\/\/misscameroun.org\/wp-content\/uploads\/2026\/09\/IMG_3355.jpg 1536w\" sizes=\"auto, (max-width: 225px) 100vw, 225px\" \/><\/p>\n<p class=\"p1\">Avec beaucoup d\u2019ambition, mais aussi avec une conscience aigu\u00eb de ce que repr\u00e9sente cette responsabilit\u00e9. Avant de partir \u00e0 Porto Rico, Audrey a tenu \u00e0 aller \u00e0 la rencontre des autorit\u00e9s traditionnelles de sa r\u00e9gion pour leur pr\u00e9senter son \u00e9charpe, recueillir leurs b\u00e9n\u00e9dictions, leurs conseils et leurs encouragements.<\/p>\n<p class=\"p1\">Cette d\u00e9marche avait pour elle une port\u00e9e profond\u00e9ment symbolique. Femme Sawa, elle souhaitait rappeler que l\u2019on peut porter les couleurs d\u2019un pays tout entier sans jamais perdre le lien avec la terre qui nous a construits. Ces rencontres avec les autorit\u00e9s traditionnelles d\u2019Akwa et de Bonambela s\u2019inscrivent d\u2019ailleurs dans la continuit\u00e9 du lien qui les unit depuis le d\u00e9but de son parcours. Elle partira donc \u00e0 Porto Rico comme repr\u00e9sentante du Cameroun, mais aussi avec ses racines dans ses bagages.<\/p>\n<p><b style=\"text-align: center;\"><img loading=\"lazy\" decoding=\"async\" class=\"alignright wp-image-2403 size-medium\" src=\"https:\/\/misscameroun.org\/wp-content\/uploads\/2026\/09\/IMG_3354-200x300.jpg\" alt=\"\" width=\"200\" height=\"300\" srcset=\"https:\/\/misscameroun.org\/wp-content\/uploads\/2026\/09\/IMG_3354-200x300.jpg 200w, https:\/\/misscameroun.org\/wp-content\/uploads\/2026\/09\/IMG_3354-683x1024.jpg 683w, https:\/\/misscameroun.org\/wp-content\/uploads\/2026\/09\/IMG_3354-768x1151.jpg 768w, https:\/\/misscameroun.org\/wp-content\/uploads\/2026\/09\/IMG_3354-1025x1536.jpg 1025w, https:\/\/misscameroun.org\/wp-content\/uploads\/2026\/09\/IMG_3354.jpg 1366w\" sizes=\"auto, (max-width: 200px) 100vw, 200px\" \/><\/b><\/p>\n<p class=\"p1\" style=\"text-align: center;\">\n<p style=\"text-align: center;\"><b>Au-del\u00e0 des titres, qu\u2019aimeriez-vous que votre parcours dise de la femme que <\/b><b>vous \u00eates ?<\/b><\/p>\n<p class=\"p1\" style=\"text-align: center;\"><b><br \/>\n<img loading=\"lazy\" decoding=\"async\" class=\"aligncenter wp-image-2399 size-medium\" src=\"https:\/\/misscameroun.org\/wp-content\/uploads\/2026\/09\/IMG_3358-200x300.jpg\" alt=\"\" width=\"200\" height=\"300\" srcset=\"https:\/\/misscameroun.org\/wp-content\/uploads\/2026\/09\/IMG_3358-200x300.jpg 200w, https:\/\/misscameroun.org\/wp-content\/uploads\/2026\/09\/IMG_3358-683x1024.jpg 683w, https:\/\/misscameroun.org\/wp-content\/uploads\/2026\/09\/IMG_3358-768x1151.jpg 768w, https:\/\/misscameroun.org\/wp-content\/uploads\/2026\/09\/IMG_3358-1025x1536.jpg 1025w, https:\/\/misscameroun.org\/wp-content\/uploads\/2026\/09\/IMG_3358.jpg 1366w\" sizes=\"auto, (max-width: 200px) 100vw, 200px\" \/><br \/>\n<\/b><\/p>\n<p class=\"p1\">\u00ab Qu\u2019il est possible d\u2019\u00eatre plurielle sans \u00eatre dispers\u00e9e \u00bb. La mode lui a appris la repr\u00e9sentation, l\u2019entrepreneuriat lui a enseign\u00e9 la responsabilit\u00e9 et la pers\u00e9v\u00e9rance, tandis que ses racines lui ont donn\u00e9 un ancrage. Toutes ces exp\u00e9riences ont contribu\u00e9 \u00e0 construire la femme qu\u2019elle est aujourd\u2019hui. Son accession \u00e0 la couronne lui a aussi rappel\u00e9 qu\u2019un parcours ne suit pas toujours le sc\u00e9nario que l\u2019on avait imagin\u00e9. Elle \u00e9tait Premi\u00e8re Dauphine ; quelques mois plus tard, elle devenait Miss Cameroun dans des circonstances inattendues. Audrey a choisi de ne pas subir cet impr\u00e9vu, mais de le transformer en responsabilit\u00e9 car elle estime que tout cela rend son histoire encore plus int\u00e9ressante.<\/p>\n<p class=\"p1\" style=\"text-align: center;\">\n<p class=\"p1\" style=\"text-align: center;\"><b>\u00c0 quelques jours de l\u2019\u00e9lection, que souhaitez-vous transmettre \u00e0 celle qui vous <\/b><b>succ\u00e9dera ?<\/b><\/p>\n<p class=\"p1\" style=\"text-align: center;\"><b><br \/>\n<img loading=\"lazy\" decoding=\"async\" class=\"aligncenter wp-image-2397 size-medium\" src=\"https:\/\/misscameroun.org\/wp-content\/uploads\/2026\/09\/IMG_3356-300x226.jpg\" alt=\"\" width=\"300\" height=\"226\" srcset=\"https:\/\/misscameroun.org\/wp-content\/uploads\/2026\/09\/IMG_3356-300x226.jpg 300w, https:\/\/misscameroun.org\/wp-content\/uploads\/2026\/09\/IMG_3356-1024x772.jpg 1024w, https:\/\/misscameroun.org\/wp-content\/uploads\/2026\/09\/IMG_3356-768x579.jpg 768w, https:\/\/misscameroun.org\/wp-content\/uploads\/2026\/09\/IMG_3356-1536x1158.jpg 1536w, https:\/\/misscameroun.org\/wp-content\/uploads\/2026\/09\/IMG_3356.jpg 2048w\" sizes=\"auto, (max-width: 300px) 100vw, 300px\" \/><br \/>\n<\/b><\/p>\n<p class=\"p1\">Audrey lui dirait d\u2019abord : \u00ab Ma tr\u00e8s ch\u00e8re Miss Cameroun 2026, ne te perds jamais dans la couronne. \u00bb car oui , elle t\u2019apportera de la visibilit\u00e9, des rencontres et des opportunit\u00e9s incroyables , mais elle ne doit jamais te faire oublier la femme que tu \u00e9tais avant de la porter.<\/p>\n<p class=\"p1\">Tu devras travailler, \u00e9couter, apprendre et demeurer fid\u00e8le \u00e0 tes convictions. \u00catre respectueuse et demeurer reconnaissante envers Dieu pour cette gr\u00e2ce. Porter fi\u00e8rement nos r\u00e9gions et nos racines, mais te souvenir aussi qu\u2019une fois la couronne pos\u00e9e sur ta t\u00eate tu devras toujours l\u2019utiliser pour le bien autour de toi et au-del\u00e0. Et surtout, tu ne devras jamais mesurer ton r\u00e8gne<\/p>\n<p class=\"p1\">au nombre de c\u00e9r\u00e9monies auxquelles tu assisteras, mais \u00e0 ce que tu auras r\u00e9ellement apport\u00e9 aux autres. La couronne est un privil\u00e8ge. Les actes, eux, en sont la v\u00e9ritable justification. Beaucoup de courage je suis s\u00fbre que tu seras exceptionnelle. \u00bb<\/p>\n","protected":false},"excerpt":{"rendered":"<p>Il y a des parcours que l\u2019on \u00e9crit \u00e0 l\u2019avance. Et puis il y a ceux que la vie parfois, r\u00e9\u00e9crit en cours de route.&hellip;<\/p>\n","protected":false},"author":1,"featured_media":2406,"comment_status":"open","ping_status":"open","sticky":false,"template":"","format":"standard","meta":{"footnotes":""},"categories":[16,22],"tags":[],"class_list":["post-2396","post","type-post","status-publish","format-standard","has-post-thumbnail","hentry","category-actualites","category-articles-far"],"_links":{"self":[{"href":"https:\/\/misscameroun.org\/index.php\/wp-json\/wp\/v2\/posts\/2396","targetHints":{"allow":["GET"]}}],"collection":[{"href":"https:\/\/misscameroun.org\/index.php\/wp-json\/wp\/v2\/posts"}],"about":[{"href":"https:\/\/misscameroun.org\/index.php\/wp-json\/wp\/v2\/types\/post"}],"author":[{"embeddable":true,"href":"https:\/\/misscameroun.org\/index.php\/wp-json\/wp\/v2\/users\/1"}],"replies":[{"embeddable":true,"href":"https:\/\/misscameroun.org\/index.php\/wp-json\/wp\/v2\/comments?post=2396"}],"version-history":[{"count":4,"href":"https:\/\/misscameroun.org\/index.php\/wp-json\/wp\/v2\/posts\/2396\/revisions"}],"predecessor-version":[{"id":2410,"href":"https:\/\/misscameroun.org\/index.php\/wp-json\/wp\/v2\/posts\/2396\/revisions\/2410"}],"wp:featuredmedia":[{"embeddable":true,"href":"https:\/\/misscameroun.org\/index.php\/wp-json\/wp\/v2\/media\/2406"}],"wp:attachment":[{"href":"https:\/\/misscameroun.org\/index.php\/wp-json\/wp\/v2\/media?parent=2396"}],"wp:term":[{"taxonomy":"category","embeddable":true,"href":"https:\/\/misscameroun.org\/index.php\/wp-json\/wp\/v2\/categories?post=2396"},{"taxonomy":"post_tag","embeddable":true,"href":"https:\/\/misscameroun.org\/index.php\/wp-json\/wp\/v2\/tags?post=2396"}],"curies":[{"name":"wp","href":"https:\/\/api.w.org\/{rel}","templated":true}]}}