{"id":2417,"date":"2026-09-04T01:25:54","date_gmt":"2026-09-04T01:25:54","guid":{"rendered":"https:\/\/misscameroun.org\/?p=2417"},"modified":"2026-09-04T01:25:54","modified_gmt":"2026-09-04T01:25:54","slug":"miss-cameroun-2025-le-comica-explique-la-decision-ayant-conduit-au-retrait-du-titre","status":"publish","type":"post","link":"https:\/\/misscameroun.org\/index.php\/2026\/09\/04\/miss-cameroun-2025-le-comica-explique-la-decision-ayant-conduit-au-retrait-du-titre\/","title":{"rendered":"Miss Cameroun 2025 : le COMICA explique la d\u00e9cision ayant conduit au retrait du titre"},"content":{"rendered":"<p class=\"p1\"><b>\u00c9lue en juillet 2025, Josiane Harangada Golonga a vu son titre retir\u00e9 le 25 <\/b><b>f\u00e9vrier 2026, \u00e0 la suite de manquements que le Comit\u00e9 d\u2019Organisation Miss <\/b><b>Cameroun a estim\u00e9s incompatibles avec les obligations attach\u00e9es \u00e0 son mandat.<\/b><\/p>\n<p>&nbsp;<\/p>\n<p>&nbsp;<\/p>\n<p class=\"p2\">L\u2019\u00e9lection de Miss Cameroun ne conf\u00e8re pas seulement des distinctions. Elle engage \u00e9galement les laur\u00e9ates \u00e0 respecter un ensemble d\u2019obligations contractuelles et un code de conduite destin\u00e9s \u00e0 encadrer l\u2019exercice de leurs fonctions.<b> <\/b>\u00c9lue Miss Cameroun 2025 en juillet 2025, Josiane Harangada Golonga avait ainsi souscrit, le 11 juillet 2025, aux dispositions r\u00e9gissant sa collaboration avec le Comit\u00e9 d\u2019Organisation de Miss Cameroun (COMICA).<\/p>\n<p>&nbsp;<\/p>\n<p class=\"p1\" style=\"text-align: center;\"><b>Des manquements port\u00e9s \u00e0 la connaissance de l\u2019int\u00e9ress\u00e9e<\/b><\/p>\n<p>&nbsp;<\/p>\n<p>&nbsp;<\/p>\n<p><img loading=\"lazy\" decoding=\"async\" class=\"aligncenter wp-image-2423 size-large\" src=\"https:\/\/misscameroun.org\/wp-content\/uploads\/2026\/09\/IMG_3323-743x1024.jpg\" alt=\"\" width=\"640\" height=\"882\" srcset=\"https:\/\/misscameroun.org\/wp-content\/uploads\/2026\/09\/IMG_3323-743x1024.jpg 743w, https:\/\/misscameroun.org\/wp-content\/uploads\/2026\/09\/IMG_3323-218x300.jpg 218w, https:\/\/misscameroun.org\/wp-content\/uploads\/2026\/09\/IMG_3323-768x1059.jpg 768w, https:\/\/misscameroun.org\/wp-content\/uploads\/2026\/09\/IMG_3323-1114x1536.jpg 1114w, https:\/\/misscameroun.org\/wp-content\/uploads\/2026\/09\/IMG_3323.jpg 1224w\" sizes=\"auto, (max-width: 640px) 100vw, 640px\" \/> <img loading=\"lazy\" decoding=\"async\" class=\"aligncenter wp-image-2422 size-large\" src=\"https:\/\/misscameroun.org\/wp-content\/uploads\/2026\/09\/IMG_3324-749x1024.jpg\" alt=\"\" width=\"640\" height=\"875\" srcset=\"https:\/\/misscameroun.org\/wp-content\/uploads\/2026\/09\/IMG_3324-749x1024.jpg 749w, https:\/\/misscameroun.org\/wp-content\/uploads\/2026\/09\/IMG_3324-219x300.jpg 219w, https:\/\/misscameroun.org\/wp-content\/uploads\/2026\/09\/IMG_3324-768x1050.jpg 768w, https:\/\/misscameroun.org\/wp-content\/uploads\/2026\/09\/IMG_3324-1123x1536.jpg 1123w, https:\/\/misscameroun.org\/wp-content\/uploads\/2026\/09\/IMG_3324.jpg 1232w\" sizes=\"auto, (max-width: 640px) 100vw, 640px\" \/><\/p>\n<p>&nbsp;<\/p>\n<p>&nbsp;<\/p>\n<p class=\"p1\">Au cours du mandat de la laur\u00e9ate \u00e9lue en juillet 2025, plusieurs manquements \u00e0 r\u00e9p\u00e9tition ont \u00e9t\u00e9 relev\u00e9s par le COMICA, notamment :<\/p>\n<p class=\"p1\"><span class=\"s1\">\u2022<\/span> des absences injustifi\u00e9es \u00e0 plusieurs \u00e9v\u00e9nements officiels ;<\/p>\n<p class=\"p1\"><span class=\"s1\">\u2022<\/span> des propos et attitudes consid\u00e9r\u00e9s comme irrespectueux envers l\u2019institution et certains<\/p>\n<p class=\"p1\">de ses membres ;<\/p>\n<p class=\"p1\"><span class=\"s1\">\u2022<\/span> la cessation unilat\u00e9rale d\u2019activit\u00e9s li\u00e9es au mandat ;<\/p>\n<p class=\"p1\"><span class=\"s1\">\u2022<\/span> le recours \u00e0 un manager personnel en contradiction avec les dispositions contractuelles.<\/p>\n<p class=\"p1\">Avant toute d\u00e9cision, plusieurs d\u00e9marches ont \u00e9t\u00e9 entreprises afin de permettre \u00e0 l\u2019int\u00e9ress\u00e9e de fournir les explications requises. Apr\u00e8s des avertissements et demandes d\u2019explications successifs, une <b>ultime demande <\/b><b>d\u2019explications assortie d\u2019une mise en demeure<\/b> lui a \u00e9t\u00e9 adress\u00e9e le 13 f\u00e9vrier 2026.<\/p>\n<p><img loading=\"lazy\" decoding=\"async\" class=\"aligncenter wp-image-2420 size-large\" src=\"https:\/\/misscameroun.org\/wp-content\/uploads\/2026\/09\/IMG_3322-740x1024.jpg\" alt=\"\" width=\"640\" height=\"886\" srcset=\"https:\/\/misscameroun.org\/wp-content\/uploads\/2026\/09\/IMG_3322-740x1024.jpg 740w, https:\/\/misscameroun.org\/wp-content\/uploads\/2026\/09\/IMG_3322-217x300.jpg 217w, https:\/\/misscameroun.org\/wp-content\/uploads\/2026\/09\/IMG_3322-768x1062.jpg 768w, https:\/\/misscameroun.org\/wp-content\/uploads\/2026\/09\/IMG_3322-1110x1536.jpg 1110w, https:\/\/misscameroun.org\/wp-content\/uploads\/2026\/09\/IMG_3322.jpg 1226w\" sizes=\"auto, (max-width: 640px) 100vw, 640px\" \/> <img loading=\"lazy\" decoding=\"async\" class=\"aligncenter wp-image-2421 size-large\" src=\"https:\/\/misscameroun.org\/wp-content\/uploads\/2026\/09\/IMG_3325-743x1024.jpg\" alt=\"\" width=\"640\" height=\"882\" srcset=\"https:\/\/misscameroun.org\/wp-content\/uploads\/2026\/09\/IMG_3325-743x1024.jpg 743w, https:\/\/misscameroun.org\/wp-content\/uploads\/2026\/09\/IMG_3325-218x300.jpg 218w, https:\/\/misscameroun.org\/wp-content\/uploads\/2026\/09\/IMG_3325-768x1059.jpg 768w, https:\/\/misscameroun.org\/wp-content\/uploads\/2026\/09\/IMG_3325-1114x1536.jpg 1114w, https:\/\/misscameroun.org\/wp-content\/uploads\/2026\/09\/IMG_3325.jpg 1230w\" sizes=\"auto, (max-width: 640px) 100vw, 640px\" \/><\/p>\n<p class=\"p1\" style=\"text-align: center;\"><b>Le retrait du titre<\/b><\/p>\n<p>&nbsp;<\/p>\n<p class=\"p2\">\u00c0 l\u2019issue de cette proc\u00e9dure et au regard de la persistance des manquements relev\u00e9s, le Comit\u00e9 d\u2019Organisation Miss Cameroun a d\u00e9cid\u00e9 de prononcer le retrait du titre de Miss Cameroun 2025.<\/p>\n<p class=\"p2\">Par communiqu\u00e9 officiel en date du <b>25 f\u00e9vrier 2026<\/b>, le Comit\u00e9 a annonc\u00e9 la destitution imm\u00e9diate de Josiane Harangada Golonga, conform\u00e9ment aux dispositions contractuelles applicables. Cette d\u00e9cision rel\u00e8ve ainsi d\u2019un cadre institutionnel et disciplinaire, le COMICA estimant que les faits constat\u00e9s \u00e9taient incompatibles avec les obligations attach\u00e9es \u00e0 la fonction.<\/p>\n<p class=\"p1\" style=\"text-align: center;\"><b>Assurer la continuit\u00e9 du mandat<\/p>\n<p><\/b><\/p>\n<p class=\"p1\">Afin que cette situation n\u2019interrompe pas la repr\u00e9sentation nationale, le Comit\u00e9 d\u2019Organisation de Miss Cameroun a appel\u00e9 la Premi\u00e8re Dauphine, Audrey Moutongo Black, \u00e0 assurer la continuit\u00e9 de la fonction. Cette disposition permet au mandat de Miss Cameroun 2025 de se poursuivre dans le respect des exigences de repr\u00e9sentation et des engagements li\u00e9s au titre.<\/p>\n<p class=\"p1\">\u00c0 travers cette mesure exceptionnelle, le COMICA r\u00e9affirme son attachement \u00e0 un principe essentiel : la couronne de Miss Cameroun est indissociable des responsabilit\u00e9s qu\u2019elle implique. Repr\u00e9senter le Cameroun suppose de respecter les engagements souscrits, le cadre institutionnel et les exigences de conduite inh\u00e9rentes \u00e0 la fonction. Le COMICA demeure ainsi r\u00e9solu \u00e0 pr\u00e9server l\u2019int\u00e9grit\u00e9, la cr\u00e9dibilit\u00e9 et les valeurs du concours Miss Cameroun, qui entend promouvoir la beaut\u00e9, la culture, l\u2019excellence et l\u2019image d\u2019un Cameroun fier de sa jeunesse.<\/p>\n<p><img loading=\"lazy\" decoding=\"async\" class=\"size-large wp-image-2418\" src=\"https:\/\/misscameroun.org\/wp-content\/uploads\/2026\/09\/IMG_9633-1024x1015.jpg\" alt=\"\" width=\"640\" height=\"634\" srcset=\"https:\/\/misscameroun.org\/wp-content\/uploads\/2026\/09\/IMG_9633-1024x1015.jpg 1024w, https:\/\/misscameroun.org\/wp-content\/uploads\/2026\/09\/IMG_9633-300x297.jpg 300w, https:\/\/misscameroun.org\/wp-content\/uploads\/2026\/09\/IMG_9633-150x150.jpg 150w, https:\/\/misscameroun.org\/wp-content\/uploads\/2026\/09\/IMG_9633-768x761.jpg 768w, https:\/\/misscameroun.org\/wp-content\/uploads\/2026\/09\/IMG_9633.jpg 1320w\" sizes=\"auto, (max-width: 640px) 100vw, 640px\" \/><\/p>\n<p class=\"p1\" style=\"text-align: center;\"><b>\u00a0<\/b><\/p>\n","protected":false},"excerpt":{"rendered":"<p>\u00c9lue en juillet 2025, Josiane Harangada Golonga a vu son titre retir\u00e9 le 25 f\u00e9vrier 2026, \u00e0 la suite de manquements que le Comit\u00e9 d\u2019Organisation&hellip;<\/p>\n","protected":false},"author":1,"featured_media":2424,"comment_status":"open","ping_status":"open","sticky":false,"template":"","format":"standard","meta":{"footnotes":""},"categories":[16,22],"tags":[],"class_list":["post-2417","post","type-post","status-publish","format-standard","has-post-thumbnail","hentry","category-actualites","category-articles-far"],"_links":{"self":[{"href":"https:\/\/misscameroun.org\/index.php\/wp-json\/wp\/v2\/posts\/2417","targetHints":{"allow":["GET"]}}],"collection":[{"href":"https:\/\/misscameroun.org\/index.php\/wp-json\/wp\/v2\/posts"}],"about":[{"href":"https:\/\/misscameroun.org\/index.php\/wp-json\/wp\/v2\/types\/post"}],"author":[{"embeddable":true,"href":"https:\/\/misscameroun.org\/index.php\/wp-json\/wp\/v2\/users\/1"}],"replies":[{"embeddable":true,"href":"https:\/\/misscameroun.org\/index.php\/wp-json\/wp\/v2\/comments?post=2417"}],"version-history":[{"count":3,"href":"https:\/\/misscameroun.org\/index.php\/wp-json\/wp\/v2\/posts\/2417\/revisions"}],"predecessor-version":[{"id":2427,"href":"https:\/\/misscameroun.org\/index.php\/wp-json\/wp\/v2\/posts\/2417\/revisions\/2427"}],"wp:featuredmedia":[{"embeddable":true,"href":"https:\/\/misscameroun.org\/index.php\/wp-json\/wp\/v2\/media\/2424"}],"wp:attachment":[{"href":"https:\/\/misscameroun.org\/index.php\/wp-json\/wp\/v2\/media?parent=2417"}],"wp:term":[{"taxonomy":"category","embeddable":true,"href":"https:\/\/misscameroun.org\/index.php\/wp-json\/wp\/v2\/categories?post=2417"},{"taxonomy":"post_tag","embeddable":true,"href":"https:\/\/misscameroun.org\/index.php\/wp-json\/wp\/v2\/tags?post=2417"}],"curies":[{"name":"wp","href":"https:\/\/api.w.org\/{rel}","templated":true}]}}