{"id":2433,"date":"2026-09-04T01:38:10","date_gmt":"2026-09-04T01:38:10","guid":{"rendered":"https:\/\/misscameroun.org\/?p=2433"},"modified":"2026-09-04T01:38:10","modified_gmt":"2026-09-04T01:38:10","slug":"miss-cameroun-grand-ouest-2026-bafoussam-couronne-ses-ambassadrices","status":"publish","type":"post","link":"https:\/\/misscameroun.org\/index.php\/2026\/09\/04\/miss-cameroun-grand-ouest-2026-bafoussam-couronne-ses-ambassadrices\/","title":{"rendered":"Miss Cameroun Grand Ouest 2026 : Bafoussam couronne ses ambassadrices"},"content":{"rendered":"<p class=\"p1\">Le <b>10 avril 2026<\/b>, l\u2019H\u00f4tel de Ville de Bafoussam a accueilli la finale r\u00e9gionale de <b>Miss <\/b><b>Cameroun Grand Ouest 2026<\/b>, sous le parrainage de <b>Mme Mich\u00e8le Fotso Fongang<\/b>. Douze candidates \u00e9taient en lice pour d\u00e9crocher les titres repr\u00e9sentant les r\u00e9gions de l\u2019Ouest et du Nord-Ouest.<\/p>\n<p class=\"p2\" style=\"text-align: center;\"><b>UNE SOIR\u00c9E ENTRE \u00c9L\u00c9GANCE ET PATRIMOINE<\/b><\/p>\n<p class=\"p1\">Dans une salle port\u00e9e par les applaudissements du public, les candidates se sont succ\u00e9d\u00e9 \u00e0 travers plusieurs tableaux : pr\u00e9sentation, passage en maillot de bain, danses traditionnelles et tenue de soir\u00e9e. Autant de s\u00e9quences qui ont permis au jury d\u2019appr\u00e9cier leur \u00e9l\u00e9gance, leur assurance et leur capacit\u00e9 \u00e0 porter les valeurs du concours.<\/p>\n<p class=\"p2\" style=\"text-align: center;\"><b>LE VERDICT<\/b><\/p>\n<p class=\"p1\">Au terme de la comp\u00e9tition, les deux r\u00e9gions ont chacune d\u00e9sign\u00e9 leurs repr\u00e9sentantes.<\/p>\n<p class=\"p1\"><b>R\u00e9gion de l\u2019Ouest<\/b><\/p>\n<p class=\"p1\"><span class=\"s1\">\u2022<\/span> <b>Ekee Manuela<\/b>, candidate n\u00b07 \u2014 <b>Miss Ouest 2026<\/b><\/p>\n<p class=\"p1\"><span class=\"s1\">\u2022<\/span> <b>Kemdib Cerena<\/b>, candidate n\u00b01 \u2014 <b>1\u02b3\u1d49 dauphine<\/b><\/p>\n<p class=\"p1\"><span class=\"s1\">\u2022<\/span> <b>Wete Ange<\/b>, candidate n\u00b02 \u2014 <b>2\u1d49 dauphine<\/b><\/p>\n<p class=\"p1\"><b>R\u00e9gion du Nord-Ouest<\/b><\/p>\n<p class=\"p1\"><span class=\"s1\">\u2022<\/span> <b>Chia Doreen<\/b>, candidate n\u00b04 \u2014 <b>Miss Nord-Ouest 2026<\/b><\/p>\n<p class=\"p1\"><span class=\"s1\">\u2022<\/span> <b>Sonita Dassi<\/b>, candidate n\u00b02 \u2014 <b>1\u02b3\u1d49 dauphine<\/b><\/p>\n<p class=\"p1\"><span class=\"s1\">\u2022<\/span> <b>Takeo<\/b>, candidate n\u00b01 \u2014 <b>2\u1d49 dauphine<\/b><\/p>\n<p class=\"p1\">Ces six jeunes femmes deviennent ainsi les nouvelles <b>ambassadrices r\u00e9gionales du Grand <\/b><b>Ouest<\/b> et poursuivent leur parcours vers la finale nationale de <b>Miss Cameroun 2026<\/b>. \u00c0 Bafoussam, une \u00e9tape s\u2019est achev\u00e9e. Une nouvelle aventure commence d\u00e9sormais sous le signe de la repr\u00e9sentation, de l\u2019\u00e9l\u00e9gance et de l\u2019engagement.<\/p>\n<p><img loading=\"lazy\" decoding=\"async\" class=\"aligncenter size-large wp-image-2435\" src=\"https:\/\/misscameroun.org\/wp-content\/uploads\/2026\/09\/IMG_3426-731x1024.jpg\" alt=\"\" width=\"640\" height=\"897\" srcset=\"https:\/\/misscameroun.org\/wp-content\/uploads\/2026\/09\/IMG_3426-731x1024.jpg 731w, https:\/\/misscameroun.org\/wp-content\/uploads\/2026\/09\/IMG_3426-214x300.jpg 214w, https:\/\/misscameroun.org\/wp-content\/uploads\/2026\/09\/IMG_3426-768x1076.jpg 768w, https:\/\/misscameroun.org\/wp-content\/uploads\/2026\/09\/IMG_3426-1097x1536.jpg 1097w, https:\/\/misscameroun.org\/wp-content\/uploads\/2026\/09\/IMG_3426.jpg 1462w\" sizes=\"auto, (max-width: 640px) 100vw, 640px\" \/><\/p>\n<p>&nbsp;<\/p>\n<p class=\"p1\"><img loading=\"lazy\" decoding=\"async\" class=\"aligncenter size-large wp-image-2434\" src=\"https:\/\/misscameroun.org\/wp-content\/uploads\/2026\/09\/IMG_3427-731x1024.jpg\" alt=\"\" width=\"640\" height=\"897\" srcset=\"https:\/\/misscameroun.org\/wp-content\/uploads\/2026\/09\/IMG_3427-731x1024.jpg 731w, https:\/\/misscameroun.org\/wp-content\/uploads\/2026\/09\/IMG_3427-214x300.jpg 214w, https:\/\/misscameroun.org\/wp-content\/uploads\/2026\/09\/IMG_3427-768x1076.jpg 768w, https:\/\/misscameroun.org\/wp-content\/uploads\/2026\/09\/IMG_3427-1097x1536.jpg 1097w, https:\/\/misscameroun.org\/wp-content\/uploads\/2026\/09\/IMG_3427.jpg 1462w\" sizes=\"auto, (max-width: 640px) 100vw, 640px\" \/><\/p>\n<p>&nbsp;<\/p>\n<p>&nbsp;<\/p>\n","protected":false},"excerpt":{"rendered":"<p>Le 10 avril 2026, l\u2019H\u00f4tel de Ville de Bafoussam a accueilli la finale r\u00e9gionale de Miss Cameroun Grand Ouest 2026, sous le parrainage de Mme&hellip;<\/p>\n","protected":false},"author":1,"featured_media":2436,"comment_status":"open","ping_status":"open","sticky":false,"template":"","format":"standard","meta":{"footnotes":""},"categories":[16],"tags":[],"class_list":["post-2433","post","type-post","status-publish","format-standard","has-post-thumbnail","hentry","category-actualites"],"_links":{"self":[{"href":"https:\/\/misscameroun.org\/index.php\/wp-json\/wp\/v2\/posts\/2433","targetHints":{"allow":["GET"]}}],"collection":[{"href":"https:\/\/misscameroun.org\/index.php\/wp-json\/wp\/v2\/posts"}],"about":[{"href":"https:\/\/misscameroun.org\/index.php\/wp-json\/wp\/v2\/types\/post"}],"author":[{"embeddable":true,"href":"https:\/\/misscameroun.org\/index.php\/wp-json\/wp\/v2\/users\/1"}],"replies":[{"embeddable":true,"href":"https:\/\/misscameroun.org\/index.php\/wp-json\/wp\/v2\/comments?post=2433"}],"version-history":[{"count":1,"href":"https:\/\/misscameroun.org\/index.php\/wp-json\/wp\/v2\/posts\/2433\/revisions"}],"predecessor-version":[{"id":2437,"href":"https:\/\/misscameroun.org\/index.php\/wp-json\/wp\/v2\/posts\/2433\/revisions\/2437"}],"wp:featuredmedia":[{"embeddable":true,"href":"https:\/\/misscameroun.org\/index.php\/wp-json\/wp\/v2\/media\/2436"}],"wp:attachment":[{"href":"https:\/\/misscameroun.org\/index.php\/wp-json\/wp\/v2\/media?parent=2433"}],"wp:term":[{"taxonomy":"category","embeddable":true,"href":"https:\/\/misscameroun.org\/index.php\/wp-json\/wp\/v2\/categories?post=2433"},{"taxonomy":"post_tag","embeddable":true,"href":"https:\/\/misscameroun.org\/index.php\/wp-json\/wp\/v2\/tags?post=2433"}],"curies":[{"name":"wp","href":"https:\/\/api.w.org\/{rel}","templated":true}]}}