{"id":2439,"date":"2026-09-04T01:40:38","date_gmt":"2026-09-04T01:40:38","guid":{"rendered":"https:\/\/misscameroun.org\/?p=2439"},"modified":"2026-09-04T01:40:38","modified_gmt":"2026-09-04T01:40:38","slug":"miss-cameroun-grand-nord-2026-trois-regions-neuf-nouvelles-ambassadrices","status":"publish","type":"post","link":"https:\/\/misscameroun.org\/index.php\/2026\/09\/04\/miss-cameroun-grand-nord-2026-trois-regions-neuf-nouvelles-ambassadrices\/","title":{"rendered":"Miss Cameroun Grand Nord 2026 : trois r\u00e9gions, neuf nouvelles ambassadrices."},"content":{"rendered":"<p class=\"p1\">Le <b>18 avril 2026<\/b>, l\u2019Alliance Fran\u00e7aise de Garoua a accueilli la finale r\u00e9gionale de <b>Miss <\/b><b>Cameroun Grand Nord 2026<\/b>, en pr\u00e9sence de nombreuses autorit\u00e9s et d\u2019un public venu nombreux accompagner les onze candidates en comp\u00e9tition.<\/p>\n<p class=\"p1\" style=\"text-align: center;\"><span class=\"s1\"><b>UNE SC\u00c8NE AUX COULEURS DU GRAND NORD<\/b><\/span><\/p>\n<p class=\"p1\">De la parade de pr\u00e9sentation aux passages en maillot de bain, des danses traditionnelles \u00e0 l\u2019\u00e9l\u00e9gance des tenues de soir\u00e9e, les candidates ont livr\u00e9 une comp\u00e9tition ponctu\u00e9e de ferveur et de diversit\u00e9 culturelle. Sous l\u2019appr\u00e9ciation d\u2019un jury judicieusement constitu\u00e9, chaque tableau a contribu\u00e9 \u00e0 d\u00e9partager les pr\u00e9tendantes aux couronnes des trois r\u00e9gions repr\u00e9sent\u00e9es.<\/p>\n<p class=\"p2\"><b>LES R\u00c9SULTATS<\/b><\/p>\n<p class=\"p1\"><b>Pour le Nord :<\/b><\/p>\n<p class=\"p1\"><span class=\"s2\">\u2022<\/span> <b>Watibe Wayang<\/b>, candidate n\u00b01 \u2014 <b>Miss Nord 2026<\/b><\/p>\n<p class=\"p1\"><span class=\"s2\">\u2022<\/span> <b>Makoudjou Elvera<\/b>, candidate n\u00b02 \u2014 <b>1\u02b3\u1d49 dauphine<\/b><\/p>\n<p class=\"p1\"><span class=\"s2\">\u2022<\/span> <b>Kouogang Sarah<\/b>, candidate n\u00b03 \u2014 <b>2\u1d49 dauphine<\/b><\/p>\n<p class=\"p1\"><b>Pour l\u2019Adamaoua :<\/b><\/p>\n<p class=\"p1\"><span class=\"s2\">\u2022<\/span> <b>Ulrich Fortuna<\/b>, candidate n\u00b06 \u2014 <b>Miss Adamaoua 2026<\/b><\/p>\n<p class=\"p1\"><span class=\"s2\">\u2022<\/span> <b>Aminatou Samba<\/b>, candidate n\u00b05 \u2014 <b>1\u02b3\u1d49 dauphine<\/b><\/p>\n<p class=\"p1\"><span class=\"s2\">\u2022<\/span> <b>Chinchin Vatagou<\/b>, candidate n\u00b04 \u2014 <b>2\u1d49 dauphine<\/b><\/p>\n<p class=\"p1\"><b>Pour l\u2019Extr\u00eame-Nord :<\/b><\/p>\n<p class=\"p1\"><span class=\"s2\">\u2022<\/span> <b>Pamao Agn\u00e8s<\/b>, candidate n\u00b09 \u2014 <b>Miss Extr\u00eame-Nord 2026<\/b><\/p>\n<p class=\"p1\"><span class=\"s2\">\u2022<\/span> <b>Maimouna Patricia<\/b>, candidate n\u00b010 \u2014 <b>1\u02b3\u1d49 dauphine<\/b><\/p>\n<p class=\"p1\"><span class=\"s2\">\u2022<\/span> <b>Seinang Damaris<\/b>, candidate n\u00b011 \u2014 <b>2\u1d49 dauphine<\/b><\/p>\n<p class=\"p1\">Neuf jeunes femmes portent d\u00e9sormais les couleurs du <b>Grand Nord<\/b>. Une nouvelle \u00e9tape s\u2019ouvre pour ces ambassadrices, appel\u00e9es \u00e0 d\u00e9fendre leurs r\u00e9gions et \u00e0 poursuivre leur parcours vers la <b>finale nationale de Miss Cameroun 2026<\/b>.<\/p>\n<p><img loading=\"lazy\" decoding=\"async\" class=\"aligncenter size-large wp-image-2440\" src=\"https:\/\/misscameroun.org\/wp-content\/uploads\/2026\/09\/IMG_3411-797x1024.jpg\" alt=\"\" width=\"640\" height=\"822\" srcset=\"https:\/\/misscameroun.org\/wp-content\/uploads\/2026\/09\/IMG_3411-797x1024.jpg 797w, https:\/\/misscameroun.org\/wp-content\/uploads\/2026\/09\/IMG_3411-233x300.jpg 233w, https:\/\/misscameroun.org\/wp-content\/uploads\/2026\/09\/IMG_3411-768x987.jpg 768w, https:\/\/misscameroun.org\/wp-content\/uploads\/2026\/09\/IMG_3411-1196x1536.jpg 1196w, https:\/\/misscameroun.org\/wp-content\/uploads\/2026\/09\/IMG_3411.jpg 1594w\" sizes=\"auto, (max-width: 640px) 100vw, 640px\" \/><\/p>\n","protected":false},"excerpt":{"rendered":"<p>Le 18 avril 2026, l\u2019Alliance Fran\u00e7aise de Garoua a accueilli la finale r\u00e9gionale de Miss Cameroun Grand Nord 2026, en pr\u00e9sence de nombreuses autorit\u00e9s et&hellip;<\/p>\n","protected":false},"author":1,"featured_media":2441,"comment_status":"open","ping_status":"open","sticky":false,"template":"","format":"standard","meta":{"footnotes":""},"categories":[16],"tags":[],"class_list":["post-2439","post","type-post","status-publish","format-standard","has-post-thumbnail","hentry","category-actualites"],"_links":{"self":[{"href":"https:\/\/misscameroun.org\/index.php\/wp-json\/wp\/v2\/posts\/2439","targetHints":{"allow":["GET"]}}],"collection":[{"href":"https:\/\/misscameroun.org\/index.php\/wp-json\/wp\/v2\/posts"}],"about":[{"href":"https:\/\/misscameroun.org\/index.php\/wp-json\/wp\/v2\/types\/post"}],"author":[{"embeddable":true,"href":"https:\/\/misscameroun.org\/index.php\/wp-json\/wp\/v2\/users\/1"}],"replies":[{"embeddable":true,"href":"https:\/\/misscameroun.org\/index.php\/wp-json\/wp\/v2\/comments?post=2439"}],"version-history":[{"count":1,"href":"https:\/\/misscameroun.org\/index.php\/wp-json\/wp\/v2\/posts\/2439\/revisions"}],"predecessor-version":[{"id":2442,"href":"https:\/\/misscameroun.org\/index.php\/wp-json\/wp\/v2\/posts\/2439\/revisions\/2442"}],"wp:featuredmedia":[{"embeddable":true,"href":"https:\/\/misscameroun.org\/index.php\/wp-json\/wp\/v2\/media\/2441"}],"wp:attachment":[{"href":"https:\/\/misscameroun.org\/index.php\/wp-json\/wp\/v2\/media?parent=2439"}],"wp:term":[{"taxonomy":"category","embeddable":true,"href":"https:\/\/misscameroun.org\/index.php\/wp-json\/wp\/v2\/categories?post=2439"},{"taxonomy":"post_tag","embeddable":true,"href":"https:\/\/misscameroun.org\/index.php\/wp-json\/wp\/v2\/tags?post=2439"}],"curies":[{"name":"wp","href":"https:\/\/api.w.org\/{rel}","templated":true}]}}